{"id":907,"date":"2015-03-19T15:46:17","date_gmt":"2015-03-19T15:46:17","guid":{"rendered":"http:\/\/cestchicagency.com\/Belindacordier\/?p=907"},"modified":"2025-05-27T12:26:06","modified_gmt":"2025-05-27T12:26:06","slug":"last-work-styling-personalstylist","status":"publish","type":"post","link":"http:\/\/cestchicagency.com\/Belindacordier\/last-work-styling-personalstylist\/","title":{"rendered":"Last work #styling #personalStylist"},"content":{"rendered":"<p>Hi there!<\/p>\n<p>Voici quelques news et up-date de mon travail de fashion stylist, vous pouvez voir mon portfolio sur site de <a href=\"http:\/\/www.dominiquemodels.com\/en\/make-up-styling\/gallery\/8010\/belinda-cordierhttp:\/\/\" target=\"_blank\" rel=\"noopener\">Touch By Dominique<\/a> .<\/p>\n<figure id=\"attachment_903\" aria-describedby=\"caption-attachment-903\" style=\"width: 625px\" class=\"wp-caption alignnone\"><img loading=\"lazy\" decoding=\"async\" class=\"size-large wp-image-903\" src=\"http:\/\/cestchicagency.com\/Belindacordier\/wp-content\/uploads\/2014\/03\/PHOTO_01_055_sofar-682x1024.jpg\" alt=\"Photo Bob Jeusette\" width=\"625\" height=\"938\" \/><figcaption id=\"caption-attachment-903\" class=\"wp-caption-text\">Photo: Bob Jeusette Styling &amp; Art Buyin Belinda Cordier, Make-up: Chantal Van Gogh, manucure Gerlaine, Art Director :Anne Kawan for Lookiss Hello agency.<\/figcaption><\/figure>\n<p><img loading=\"lazy\" decoding=\"async\" class=\"alignnone size-full wp-image-880\" src=\"http:\/\/cestchicagency.com\/Belindacordier\/wp-content\/uploads\/2014\/10\/ROOS-jimmy-ket.jpg\" alt=\"MAD mode parcours#2014 photographer Jimmy Kets\" width=\"531\" height=\"750\" srcset=\"http:\/\/cestchicagency.com\/Belindacordier\/wp-content\/uploads\/2014\/10\/ROOS-jimmy-ket.jpg 531w, http:\/\/cestchicagency.com\/Belindacordier\/wp-content\/uploads\/2014\/10\/ROOS-jimmy-ket-354x500.jpg 354w\" sizes=\"auto, (max-width: 531px) 100vw, 531px\" \/><\/p>\n<p>Fin 2014 , j&rsquo;ai particip\u00e9 physiquement et pour le styling avec la marque Roos Vandeckerckove au\u00a0 projet citizenship lors du <a href=\"http:\/\/www.madbrussels.be\/fr\/Archive\/MODE-PARCOURS-14\" target=\"_blank\" rel=\"noopener\">Mode parcours #14<\/a> organis\u00e9 par <a href=\"http:\/\/www.madbrussels.be\/\" target=\"_blank\" rel=\"noopener\">MAD Brussels<\/a> parcours.<\/p>\n<p>Photo By<a href=\"http:\/\/www.jimmykets.be\/\" target=\"_blank\" rel=\"noopener\"> Jimmy Kets,<\/a> DA : frederik Denis , Make-up : <a href=\"http:\/\/www.jill-mua.book.fr\/\" target=\"_blank\" rel=\"noopener\">Jill Joujon<\/a>, Hair by Hugo Leblond..<\/p>\n<p>J&rsquo;ai travaill\u00e9 aussi pour diff\u00e9rents catalogues et magalogues a Paris.<\/p>\n<figure id=\"attachment_909\" aria-describedby=\"caption-attachment-909\" style=\"width: 438px\" class=\"wp-caption alignnone\"><img loading=\"lazy\" decoding=\"async\" class=\" wp-image-909 \" src=\"http:\/\/cestchicagency.com\/Belindacordier\/wp-content\/uploads\/2015\/03\/00000102_man1-723x1024.jpg\" alt=\"\" width=\"438\" height=\"620\" srcset=\"http:\/\/cestchicagency.com\/Belindacordier\/wp-content\/uploads\/2015\/03\/00000102_man1-723x1024.jpg 723w, http:\/\/cestchicagency.com\/Belindacordier\/wp-content\/uploads\/2015\/03\/00000102_man1-353x500.jpg 353w, http:\/\/cestchicagency.com\/Belindacordier\/wp-content\/uploads\/2015\/03\/00000102_man1-624x882.jpg 624w, http:\/\/cestchicagency.com\/Belindacordier\/wp-content\/uploads\/2015\/03\/00000102_man1.jpg 837w\" sizes=\"auto, (max-width: 438px) 100vw, 438px\" \/><figcaption id=\"caption-attachment-909\" class=\"wp-caption-text\">Photo David Abrot , Da Chantale Cachera for 3 suisses<\/figcaption><\/figure>\n<p>Plus r\u00e9cemment une vid\u00e9o pour la marque Pimkie a voir <a href=\"http:\/\/cestchicagency.com\/Belindacordier\/videos\/\" target=\"_blank\" rel=\"noopener\">ici <\/a>avec la belle Zhora Scholtes at <a href=\"http:\/\/www.dominiquemodels.com\/en\/women\/detail\/6702\/zohra-scholtes?source=mainboard\" target=\"_blank\" rel=\"noopener\">Dominique Models\u00a0 <\/a><\/p>\n<p>A cot\u00e9 des shooting, J&rsquo;ai continu\u00e9 mon travail de personal stylist pour la television belge RTBF avec Malika Attar et devoir d&rsquo;enqu\u00eate, Cedric Wautier , Sophie de la Colette et en ce d\u00e9but d&rsquo;ann\u00e9e avec\u00a0 la journaliste <a href=\"http:\/\/www.rtbf.be\/tendance\/mode\/detail_cathy-immelen-en-tele-un-retour-graphique-branche-et-colore?id=8897663\" target=\"_blank\" rel=\"noopener\">Cathy Immelen<\/a> pour sa nouvelle \u00e9mission tellement cin\u00e9 .<\/p>\n<figure id=\"attachment_917\" aria-describedby=\"caption-attachment-917\" style=\"width: 438px\" class=\"wp-caption alignnone\"><img loading=\"lazy\" decoding=\"async\" class=\" wp-image-917\" src=\"http:\/\/cestchicagency.com\/Belindacordier\/wp-content\/uploads\/2015\/03\/10994213_10152588921556481_826832807822077496_n.jpg\" alt=\"10994213_10152588921556481_826832807822077496_n\" width=\"438\" height=\"438\" srcset=\"http:\/\/cestchicagency.com\/Belindacordier\/wp-content\/uploads\/2015\/03\/10994213_10152588921556481_826832807822077496_n.jpg 960w, http:\/\/cestchicagency.com\/Belindacordier\/wp-content\/uploads\/2015\/03\/10994213_10152588921556481_826832807822077496_n-300x300.jpg 300w, http:\/\/cestchicagency.com\/Belindacordier\/wp-content\/uploads\/2015\/03\/10994213_10152588921556481_826832807822077496_n-500x500.jpg 500w, http:\/\/cestchicagency.com\/Belindacordier\/wp-content\/uploads\/2015\/03\/10994213_10152588921556481_826832807822077496_n-624x624.jpg 624w\" sizes=\"auto, (max-width: 438px) 100vw, 438px\" \/><figcaption id=\"caption-attachment-917\" class=\"wp-caption-text\">Cathy Immelen behind the scene wearing marc By Marc Jacob<\/figcaption><\/figure>\n<figure id=\"attachment_918\" aria-describedby=\"caption-attachment-918\" style=\"width: 500px\" class=\"wp-caption alignnone\"><img loading=\"lazy\" decoding=\"async\" class=\" wp-image-918\" src=\"http:\/\/cestchicagency.com\/Belindacordier\/wp-content\/uploads\/2015\/03\/Look3-1024x1024.jpg\" alt=\"Look3\" width=\"500\" height=\"500\" srcset=\"http:\/\/cestchicagency.com\/Belindacordier\/wp-content\/uploads\/2015\/03\/Look3-1024x1024.jpg 1024w, http:\/\/cestchicagency.com\/Belindacordier\/wp-content\/uploads\/2015\/03\/Look3-300x300.jpg 300w, http:\/\/cestchicagency.com\/Belindacordier\/wp-content\/uploads\/2015\/03\/Look3-500x500.jpg 500w, http:\/\/cestchicagency.com\/Belindacordier\/wp-content\/uploads\/2015\/03\/Look3-624x624.jpg 624w, http:\/\/cestchicagency.com\/Belindacordier\/wp-content\/uploads\/2015\/03\/Look3.jpg 1536w\" sizes=\"auto, (max-width: 500px) 100vw, 500px\" \/><figcaption id=\"caption-attachment-918\" class=\"wp-caption-text\">With Malika Attar at Xandres<\/figcaption><\/figure>\n<p>Et puis comme d&rsquo;hab, pour les habitu\u00e9s vous pouvez me suivre en\u00a0 day byday sur ma page\u00a0 c&rsquo;estchic <a href=\"https:\/\/www.facebook.com\/pages\/Cest-Chic-agency\/119135551480?ref=bookmarks\" target=\"_blank\" rel=\"noopener\">FB<\/a> ou <a href=\"https:\/\/twitter.com\/BelindaChic\" target=\"_blank\" rel=\"noopener\">Twitter<\/a> .<\/p>\n<p>Speak to you soon!<\/p>\n<p>Belinda Cordier<\/p>\n<figure id=\"attachment_919\" aria-describedby=\"caption-attachment-919\" style=\"width: 438px\" class=\"wp-caption alignnone\"><img loading=\"lazy\" decoding=\"async\" class=\" wp-image-919 \" src=\"http:\/\/cestchicagency.com\/Belindacordier\/wp-content\/uploads\/2015\/03\/tumblr_nk8ojcmKuL1tf2kcfo1_1280-681x1024.jpg\" alt=\"Photo By Abbel Llito for the exibition 8e art Nouveaux regards 28\/03 Brussels\" width=\"438\" height=\"657\" \/><figcaption id=\"caption-attachment-919\" class=\"wp-caption-text\">Photo By Abbel Llito for the exibition 8e art Nouveaux regards 28\/03 Brussels<\/figcaption><\/figure>\n<p>&nbsp;<\/p>\n","protected":false},"excerpt":{"rendered":"<p>Hi there! Voici quelques news et up-date de mon travail de fashion stylist, vous pouvez voir mon portfolio sur site de Touch By Dominique . Fin 2014 , j&rsquo;ai particip\u00e9 physiquement et pour le styling avec la marque Roos Vandeckerckove au\u00a0 projet citizenship lors du Mode parcours #14 organis\u00e9 par &hellip; <\/p>\n","protected":false},"author":2,"featured_media":880,"comment_status":"closed","ping_status":"closed","sticky":false,"template":"","format":"standard","meta":{"footnotes":""},"categories":[92,11],"tags":[48,23,82,94,95,111,6,93],"class_list":["post-907","post","type-post","status-publish","format-standard","has-post-thumbnail","hentry","category-personal-stylist","category-styling-2","tag-belinda-cordier","tag-bob-jeusette","tag-bruxelles","tag-cathy-immelen","tag-malika-attar","tag-personal-stylist","tag-styling","tag-styliste"],"_links":{"self":[{"href":"http:\/\/cestchicagency.com\/Belindacordier\/wp-json\/wp\/v2\/posts\/907","targetHints":{"allow":["GET"]}}],"collection":[{"href":"http:\/\/cestchicagency.com\/Belindacordier\/wp-json\/wp\/v2\/posts"}],"about":[{"href":"http:\/\/cestchicagency.com\/Belindacordier\/wp-json\/wp\/v2\/types\/post"}],"author":[{"embeddable":true,"href":"http:\/\/cestchicagency.com\/Belindacordier\/wp-json\/wp\/v2\/users\/2"}],"replies":[{"embeddable":true,"href":"http:\/\/cestchicagency.com\/Belindacordier\/wp-json\/wp\/v2\/comments?post=907"}],"version-history":[{"count":6,"href":"http:\/\/cestchicagency.com\/Belindacordier\/wp-json\/wp\/v2\/posts\/907\/revisions"}],"predecessor-version":[{"id":1116,"href":"http:\/\/cestchicagency.com\/Belindacordier\/wp-json\/wp\/v2\/posts\/907\/revisions\/1116"}],"wp:featuredmedia":[{"embeddable":true,"href":"http:\/\/cestchicagency.com\/Belindacordier\/wp-json\/wp\/v2\/media\/880"}],"wp:attachment":[{"href":"http:\/\/cestchicagency.com\/Belindacordier\/wp-json\/wp\/v2\/media?parent=907"}],"wp:term":[{"taxonomy":"category","embeddable":true,"href":"http:\/\/cestchicagency.com\/Belindacordier\/wp-json\/wp\/v2\/categories?post=907"},{"taxonomy":"post_tag","embeddable":true,"href":"http:\/\/cestchicagency.com\/Belindacordier\/wp-json\/wp\/v2\/tags?post=907"}],"curies":[{"name":"wp","href":"https:\/\/api.w.org\/{rel}","templated":true}]}}